{"id":7800,"date":"2020-09-30T12:28:52","date_gmt":"2020-09-30T12:28:52","guid":{"rendered":"https:\/\/caballosllargues.es\/offene-tueren-yeguada-la-aldara-s-l-y-caballos-llargues-s-l\/"},"modified":"2020-09-30T12:28:52","modified_gmt":"2020-09-30T12:28:52","slug":"offene-tueren-yeguada-la-aldara-s-l-y-caballos-llargues-s-l","status":"publish","type":"post","link":"https:\/\/caballosllargues.es\/de\/offene-tueren-yeguada-la-aldara-s-l-y-caballos-llargues-s-l\/","title":{"rendered":"Offene T\u00fcren Yeguada la Aldara, S.L. y Caballos Llargu\u00e9s, S.L."},"content":{"rendered":"<p>Dieses Jahr feiern <strong> YEGUADA LA <span class=\"hiddenSpellError\"> ALDARA <\/span> SL <\/strong> <strong> und HORSES <span class=\"hiddenSpellError\"> LLARGUES <\/span> SL <\/strong> &lt; strong&gt; EINE WOCHE OFFENE T\u00dcREN zeitgleich mit <span class=\"hiddenSpellError\"> SICAB <\/span> 2020.<\/p>\n<p>Diese Woche findet vom <strong> 13. bis 18. Oktober 2020 statt. <\/strong><\/p>\n<p>Aufgrund der <strong>Covid-19 <\/strong>-Pandemie werden alle Sicherheitsma\u00dfnahmen aufrechterhalten, <strong>das Tragen einer Maske wird obligatorisch, ein Sicherheitsabstand und begrenzte Kapazit\u00e4ten eingehalten werden <\/strong>, folglich <strong> Besuche m\u00fcssen telefonisch an den Telefonen vereinbart werden <\/strong>: <span class=\"hiddenSpellError\"> PERE <\/span> <span class=\"hiddenSpellError\"> ANREISE <\/span> <strong> 670700888 &lt; \/ strong&gt; B\u00dcRO 617692952 <\/strong><\/p>\n<p>Der Standort ist: <strong> FINCA LA <span class=\"hiddenSpellError\"> ALDARA <\/span>, CRTA. VISO-TOCINA KM 4&#8217;5 41410 CARMONA (SEVILLA) <\/strong><\/p>\n<p>&nbsp;<\/p>\n<p><a href=\"https:\/\/caballosllargues.es\/wp-content\/uploads\/2020\/09\/Logo-Caballos-Llargues-3.jpg\"><img decoding=\"async\" class=\"alignnone wp-image-1525\" src=\"https:\/\/caballosllargues.es\/wp-content\/uploads\/2020\/09\/Logo-Caballos-Llargues-3-300x85.jpg\" alt=\"\" width=\"265\" height=\"75\" srcset=\"https:\/\/caballosllargues.es\/wp-content\/uploads\/2020\/09\/Logo-Caballos-Llargues-3-300x85.jpg 300w, https:\/\/caballosllargues.es\/wp-content\/uploads\/2020\/09\/Logo-Caballos-Llargues-3.jpg 430w\" sizes=\"(max-width: 265px) 100vw, 265px\" \/><\/a>\u00a0 \u00a0 \u00a0 \u00a0 \u00a0 \u00a0 \u00a0<a href=\"https:\/\/caballosllargues.es\/wp-content\/uploads\/2020\/09\/Aldara.png\"><img decoding=\"async\" class=\"alignnone size-full wp-image-1527\" src=\"https:\/\/caballosllargues.es\/wp-content\/uploads\/2020\/09\/Aldara.png\" alt=\"\" width=\"292\" height=\"76\" \/><\/a><\/p>\n","protected":false},"excerpt":{"rendered":"<p>Dieses Jahr feiern YEGUADA LA ALDARA SL und HORSES LLARGUES SL &lt; strong&gt; EINE WOCHE OFFENE T\u00dcREN zeitgleich mit SICAB 2020. Diese Woche findet vom 13. bis 18. Oktober 2020 statt. Aufgrund der Covid-19 -Pandemie werden alle Sicherheitsma\u00dfnahmen aufrechterhalten, das Tragen einer Maske wird obligatorisch, ein Sicherheitsabstand und begrenzte Kapazit\u00e4ten eingehalten werden , folglich Besuche [&hellip;]<\/p>\n","protected":false},"author":3,"featured_media":3883,"comment_status":"closed","ping_status":"closed","sticky":false,"template":"","format":"standard","meta":{"_jet_sm_ready_style":"","_jet_sm_style":"","_jet_sm_controls_values":"","_jet_sm_fonts_collection":"","_jet_sm_fonts_links":"","footnotes":""},"categories":[358],"tags":[],"class_list":["post-7800","post","type-post","status-publish","format-standard","has-post-thumbnail","hentry","category-messen-veranstaltungen-de"],"yoast_head":"<!-- This site is optimized with the Yoast SEO Premium plugin v20.12 (Yoast SEO v24.7) - https:\/\/yoast.com\/wordpress\/plugins\/seo\/ -->\n<title>Offene T\u00fcren Yeguada la Aldara, S.L. y Caballos Llargu\u00e9s, S.L. - Caballos Llargu\u00e9s<\/title>\n<meta name=\"robots\" content=\"index, follow, max-snippet:-1, max-image-preview:large, max-video-preview:-1\" \/>\n<link rel=\"canonical\" href=\"https:\/\/caballosllargues.es\/de\/offene-tueren-yeguada-la-aldara-s-l-y-caballos-llargues-s-l\/\" \/>\n<meta property=\"og:locale\" content=\"de_DE\" \/>\n<meta property=\"og:type\" content=\"article\" \/>\n<meta property=\"og:title\" content=\"Offene T\u00fcren Yeguada la Aldara, S.L. y Caballos Llargu\u00e9s, S.L.\" \/>\n<meta property=\"og:description\" content=\"Dieses Jahr feiern YEGUADA LA ALDARA SL und HORSES LLARGUES SL &lt; strong&gt; EINE WOCHE OFFENE T\u00dcREN zeitgleich mit SICAB 2020. Diese Woche findet vom 13. bis 18. Oktober 2020 statt. Aufgrund der Covid-19 -Pandemie werden alle Sicherheitsma\u00dfnahmen aufrechterhalten, das Tragen einer Maske wird obligatorisch, ein Sicherheitsabstand und begrenzte Kapazit\u00e4ten eingehalten werden , folglich Besuche [&hellip;]\" \/>\n<meta property=\"og:url\" content=\"https:\/\/caballosllargues.es\/de\/offene-tueren-yeguada-la-aldara-s-l-y-caballos-llargues-s-l\/\" \/>\n<meta property=\"og:site_name\" content=\"Caballos Llargu\u00e9s\" \/>\n<meta property=\"article:publisher\" content=\"https:\/\/www.facebook.com\/caballos.llargues\/?locale=es_ES\" \/>\n<meta property=\"article:published_time\" content=\"2020-09-30T12:28:52+00:00\" \/>\n<meta property=\"og:image\" content=\"https:\/\/caballosllargues.es\/wp-content\/uploads\/2020\/09\/maxresdefault.jpg\" \/>\n\t<meta property=\"og:image:width\" content=\"1280\" \/>\n\t<meta property=\"og:image:height\" content=\"720\" \/>\n\t<meta property=\"og:image:type\" content=\"image\/jpeg\" \/>\n<meta name=\"author\" content=\"Rosa\" \/>\n<meta name=\"twitter:card\" content=\"summary_large_image\" \/>\n<meta name=\"twitter:label1\" content=\"Verfasst von\" \/>\n\t<meta name=\"twitter:data1\" content=\"Rosa\" \/>\n<script type=\"application\/ld+json\" class=\"yoast-schema-graph\">{\"@context\":\"https:\/\/schema.org\",\"@graph\":[{\"@type\":\"Article\",\"@id\":\"https:\/\/caballosllargues.es\/de\/offene-tueren-yeguada-la-aldara-s-l-y-caballos-llargues-s-l\/#article\",\"isPartOf\":{\"@id\":\"https:\/\/caballosllargues.es\/de\/offene-tueren-yeguada-la-aldara-s-l-y-caballos-llargues-s-l\/\"},\"author\":{\"name\":\"Rosa\",\"@id\":\"https:\/\/caballosllargues.es\/de\/#\/schema\/person\/7ca330ffeaf8c4e710a381320cbf3dd5\"},\"headline\":\"Offene T\u00fcren Yeguada la Aldara, S.L. y Caballos Llargu\u00e9s, S.L.\",\"datePublished\":\"2020-09-30T12:28:52+00:00\",\"mainEntityOfPage\":{\"@id\":\"https:\/\/caballosllargues.es\/de\/offene-tueren-yeguada-la-aldara-s-l-y-caballos-llargues-s-l\/\"},\"wordCount\":95,\"publisher\":{\"@id\":\"https:\/\/caballosllargues.es\/de\/#organization\"},\"image\":{\"@id\":\"https:\/\/caballosllargues.es\/de\/offene-tueren-yeguada-la-aldara-s-l-y-caballos-llargues-s-l\/#primaryimage\"},\"thumbnailUrl\":\"https:\/\/caballosllargues.es\/wp-content\/uploads\/2020\/09\/maxresdefault.jpg\",\"articleSection\":[\"Messen \/ Veranstaltungen\"],\"inLanguage\":\"de\"},{\"@type\":\"WebPage\",\"@id\":\"https:\/\/caballosllargues.es\/de\/offene-tueren-yeguada-la-aldara-s-l-y-caballos-llargues-s-l\/\",\"url\":\"https:\/\/caballosllargues.es\/de\/offene-tueren-yeguada-la-aldara-s-l-y-caballos-llargues-s-l\/\",\"name\":\"Offene T\u00fcren Yeguada la Aldara, S.L. y Caballos Llargu\u00e9s, S.L. - Caballos Llargu\u00e9s\",\"isPartOf\":{\"@id\":\"https:\/\/caballosllargues.es\/de\/#website\"},\"primaryImageOfPage\":{\"@id\":\"https:\/\/caballosllargues.es\/de\/offene-tueren-yeguada-la-aldara-s-l-y-caballos-llargues-s-l\/#primaryimage\"},\"image\":{\"@id\":\"https:\/\/caballosllargues.es\/de\/offene-tueren-yeguada-la-aldara-s-l-y-caballos-llargues-s-l\/#primaryimage\"},\"thumbnailUrl\":\"https:\/\/caballosllargues.es\/wp-content\/uploads\/2020\/09\/maxresdefault.jpg\",\"datePublished\":\"2020-09-30T12:28:52+00:00\",\"breadcrumb\":{\"@id\":\"https:\/\/caballosllargues.es\/de\/offene-tueren-yeguada-la-aldara-s-l-y-caballos-llargues-s-l\/#breadcrumb\"},\"inLanguage\":\"de\",\"potentialAction\":[{\"@type\":\"ReadAction\",\"target\":[\"https:\/\/caballosllargues.es\/de\/offene-tueren-yeguada-la-aldara-s-l-y-caballos-llargues-s-l\/\"]}]},{\"@type\":\"ImageObject\",\"inLanguage\":\"de\",\"@id\":\"https:\/\/caballosllargues.es\/de\/offene-tueren-yeguada-la-aldara-s-l-y-caballos-llargues-s-l\/#primaryimage\",\"url\":\"https:\/\/caballosllargues.es\/wp-content\/uploads\/2020\/09\/maxresdefault.jpg\",\"contentUrl\":\"https:\/\/caballosllargues.es\/wp-content\/uploads\/2020\/09\/maxresdefault.jpg\",\"width\":1280,\"height\":720},{\"@type\":\"BreadcrumbList\",\"@id\":\"https:\/\/caballosllargues.es\/de\/offene-tueren-yeguada-la-aldara-s-l-y-caballos-llargues-s-l\/#breadcrumb\",\"itemListElement\":[{\"@type\":\"ListItem\",\"position\":1,\"name\":\"Home\",\"item\":\"https:\/\/caballosllargues.es\/de\/\"},{\"@type\":\"ListItem\",\"position\":2,\"name\":\"Offene T\u00fcren Yeguada la Aldara, S.L. y Caballos Llargu\u00e9s, S.L.\"}]},{\"@type\":\"WebSite\",\"@id\":\"https:\/\/caballosllargues.es\/de\/#website\",\"url\":\"https:\/\/caballosllargues.es\/de\/\",\"name\":\"Caballos Llargu\u00e9s\",\"description\":\"Compra - Venta de Caballos\",\"publisher\":{\"@id\":\"https:\/\/caballosllargues.es\/de\/#organization\"},\"potentialAction\":[{\"@type\":\"SearchAction\",\"target\":{\"@type\":\"EntryPoint\",\"urlTemplate\":\"https:\/\/caballosllargues.es\/de\/?s={search_term_string}\"},\"query-input\":{\"@type\":\"PropertyValueSpecification\",\"valueRequired\":true,\"valueName\":\"search_term_string\"}}],\"inLanguage\":\"de\"},{\"@type\":\"Organization\",\"@id\":\"https:\/\/caballosllargues.es\/de\/#organization\",\"name\":\"Caballos Llargu\u00e9s\",\"url\":\"https:\/\/caballosllargues.es\/de\/\",\"logo\":{\"@type\":\"ImageObject\",\"inLanguage\":\"de\",\"@id\":\"https:\/\/caballosllargues.es\/de\/#\/schema\/logo\/image\/\",\"url\":\"https:\/\/caballosllargues.es\/wp-content\/uploads\/2022\/07\/Nuevo-Logo-Caballos-Llargues-1.png\",\"contentUrl\":\"https:\/\/caballosllargues.es\/wp-content\/uploads\/2022\/07\/Nuevo-Logo-Caballos-Llargues-1.png\",\"width\":450,\"height\":367,\"caption\":\"Caballos Llargu\u00e9s\"},\"image\":{\"@id\":\"https:\/\/caballosllargues.es\/de\/#\/schema\/logo\/image\/\"},\"sameAs\":[\"https:\/\/www.facebook.com\/caballos.llargues\/?locale=es_ES\",\"https:\/\/www.instagram.com\/caballosllargues\/?hl=es\"]},{\"@type\":\"Person\",\"@id\":\"https:\/\/caballosllargues.es\/de\/#\/schema\/person\/7ca330ffeaf8c4e710a381320cbf3dd5\",\"name\":\"Rosa\",\"image\":{\"@type\":\"ImageObject\",\"inLanguage\":\"de\",\"@id\":\"https:\/\/caballosllargues.es\/de\/#\/schema\/person\/image\/\",\"url\":\"https:\/\/secure.gravatar.com\/avatar\/fbc62d092b13e8d8bd054df275d573c3?s=96&d=mm&r=g\",\"contentUrl\":\"https:\/\/secure.gravatar.com\/avatar\/fbc62d092b13e8d8bd054df275d573c3?s=96&d=mm&r=g\",\"caption\":\"Rosa\"},\"url\":\"https:\/\/caballosllargues.es\/de\/author\/rosa\/\"}]}<\/script>\n<!-- \/ Yoast SEO Premium plugin. -->","yoast_head_json":{"title":"Offene T\u00fcren Yeguada la Aldara, S.L. y Caballos Llargu\u00e9s, S.L. - Caballos Llargu\u00e9s","robots":{"index":"index","follow":"follow","max-snippet":"max-snippet:-1","max-image-preview":"max-image-preview:large","max-video-preview":"max-video-preview:-1"},"canonical":"https:\/\/caballosllargues.es\/de\/offene-tueren-yeguada-la-aldara-s-l-y-caballos-llargues-s-l\/","og_locale":"de_DE","og_type":"article","og_title":"Offene T\u00fcren Yeguada la Aldara, S.L. y Caballos Llargu\u00e9s, S.L.","og_description":"Dieses Jahr feiern YEGUADA LA ALDARA SL und HORSES LLARGUES SL &lt; strong&gt; EINE WOCHE OFFENE T\u00dcREN zeitgleich mit SICAB 2020. Diese Woche findet vom 13. bis 18. Oktober 2020 statt. Aufgrund der Covid-19 -Pandemie werden alle Sicherheitsma\u00dfnahmen aufrechterhalten, das Tragen einer Maske wird obligatorisch, ein Sicherheitsabstand und begrenzte Kapazit\u00e4ten eingehalten werden , folglich Besuche [&hellip;]","og_url":"https:\/\/caballosllargues.es\/de\/offene-tueren-yeguada-la-aldara-s-l-y-caballos-llargues-s-l\/","og_site_name":"Caballos Llargu\u00e9s","article_publisher":"https:\/\/www.facebook.com\/caballos.llargues\/?locale=es_ES","article_published_time":"2020-09-30T12:28:52+00:00","og_image":[{"width":1280,"height":720,"url":"https:\/\/caballosllargues.es\/wp-content\/uploads\/2020\/09\/maxresdefault.jpg","type":"image\/jpeg"}],"author":"Rosa","twitter_card":"summary_large_image","twitter_misc":{"Verfasst von":"Rosa"},"schema":{"@context":"https:\/\/schema.org","@graph":[{"@type":"Article","@id":"https:\/\/caballosllargues.es\/de\/offene-tueren-yeguada-la-aldara-s-l-y-caballos-llargues-s-l\/#article","isPartOf":{"@id":"https:\/\/caballosllargues.es\/de\/offene-tueren-yeguada-la-aldara-s-l-y-caballos-llargues-s-l\/"},"author":{"name":"Rosa","@id":"https:\/\/caballosllargues.es\/de\/#\/schema\/person\/7ca330ffeaf8c4e710a381320cbf3dd5"},"headline":"Offene T\u00fcren Yeguada la Aldara, S.L. y Caballos Llargu\u00e9s, S.L.","datePublished":"2020-09-30T12:28:52+00:00","mainEntityOfPage":{"@id":"https:\/\/caballosllargues.es\/de\/offene-tueren-yeguada-la-aldara-s-l-y-caballos-llargues-s-l\/"},"wordCount":95,"publisher":{"@id":"https:\/\/caballosllargues.es\/de\/#organization"},"image":{"@id":"https:\/\/caballosllargues.es\/de\/offene-tueren-yeguada-la-aldara-s-l-y-caballos-llargues-s-l\/#primaryimage"},"thumbnailUrl":"https:\/\/caballosllargues.es\/wp-content\/uploads\/2020\/09\/maxresdefault.jpg","articleSection":["Messen \/ Veranstaltungen"],"inLanguage":"de"},{"@type":"WebPage","@id":"https:\/\/caballosllargues.es\/de\/offene-tueren-yeguada-la-aldara-s-l-y-caballos-llargues-s-l\/","url":"https:\/\/caballosllargues.es\/de\/offene-tueren-yeguada-la-aldara-s-l-y-caballos-llargues-s-l\/","name":"Offene T\u00fcren Yeguada la Aldara, S.L. y Caballos Llargu\u00e9s, S.L. - Caballos Llargu\u00e9s","isPartOf":{"@id":"https:\/\/caballosllargues.es\/de\/#website"},"primaryImageOfPage":{"@id":"https:\/\/caballosllargues.es\/de\/offene-tueren-yeguada-la-aldara-s-l-y-caballos-llargues-s-l\/#primaryimage"},"image":{"@id":"https:\/\/caballosllargues.es\/de\/offene-tueren-yeguada-la-aldara-s-l-y-caballos-llargues-s-l\/#primaryimage"},"thumbnailUrl":"https:\/\/caballosllargues.es\/wp-content\/uploads\/2020\/09\/maxresdefault.jpg","datePublished":"2020-09-30T12:28:52+00:00","breadcrumb":{"@id":"https:\/\/caballosllargues.es\/de\/offene-tueren-yeguada-la-aldara-s-l-y-caballos-llargues-s-l\/#breadcrumb"},"inLanguage":"de","potentialAction":[{"@type":"ReadAction","target":["https:\/\/caballosllargues.es\/de\/offene-tueren-yeguada-la-aldara-s-l-y-caballos-llargues-s-l\/"]}]},{"@type":"ImageObject","inLanguage":"de","@id":"https:\/\/caballosllargues.es\/de\/offene-tueren-yeguada-la-aldara-s-l-y-caballos-llargues-s-l\/#primaryimage","url":"https:\/\/caballosllargues.es\/wp-content\/uploads\/2020\/09\/maxresdefault.jpg","contentUrl":"https:\/\/caballosllargues.es\/wp-content\/uploads\/2020\/09\/maxresdefault.jpg","width":1280,"height":720},{"@type":"BreadcrumbList","@id":"https:\/\/caballosllargues.es\/de\/offene-tueren-yeguada-la-aldara-s-l-y-caballos-llargues-s-l\/#breadcrumb","itemListElement":[{"@type":"ListItem","position":1,"name":"Home","item":"https:\/\/caballosllargues.es\/de\/"},{"@type":"ListItem","position":2,"name":"Offene T\u00fcren Yeguada la Aldara, S.L. y Caballos Llargu\u00e9s, S.L."}]},{"@type":"WebSite","@id":"https:\/\/caballosllargues.es\/de\/#website","url":"https:\/\/caballosllargues.es\/de\/","name":"Caballos Llargu\u00e9s","description":"Compra - Venta de Caballos","publisher":{"@id":"https:\/\/caballosllargues.es\/de\/#organization"},"potentialAction":[{"@type":"SearchAction","target":{"@type":"EntryPoint","urlTemplate":"https:\/\/caballosllargues.es\/de\/?s={search_term_string}"},"query-input":{"@type":"PropertyValueSpecification","valueRequired":true,"valueName":"search_term_string"}}],"inLanguage":"de"},{"@type":"Organization","@id":"https:\/\/caballosllargues.es\/de\/#organization","name":"Caballos Llargu\u00e9s","url":"https:\/\/caballosllargues.es\/de\/","logo":{"@type":"ImageObject","inLanguage":"de","@id":"https:\/\/caballosllargues.es\/de\/#\/schema\/logo\/image\/","url":"https:\/\/caballosllargues.es\/wp-content\/uploads\/2022\/07\/Nuevo-Logo-Caballos-Llargues-1.png","contentUrl":"https:\/\/caballosllargues.es\/wp-content\/uploads\/2022\/07\/Nuevo-Logo-Caballos-Llargues-1.png","width":450,"height":367,"caption":"Caballos Llargu\u00e9s"},"image":{"@id":"https:\/\/caballosllargues.es\/de\/#\/schema\/logo\/image\/"},"sameAs":["https:\/\/www.facebook.com\/caballos.llargues\/?locale=es_ES","https:\/\/www.instagram.com\/caballosllargues\/?hl=es"]},{"@type":"Person","@id":"https:\/\/caballosllargues.es\/de\/#\/schema\/person\/7ca330ffeaf8c4e710a381320cbf3dd5","name":"Rosa","image":{"@type":"ImageObject","inLanguage":"de","@id":"https:\/\/caballosllargues.es\/de\/#\/schema\/person\/image\/","url":"https:\/\/secure.gravatar.com\/avatar\/fbc62d092b13e8d8bd054df275d573c3?s=96&d=mm&r=g","contentUrl":"https:\/\/secure.gravatar.com\/avatar\/fbc62d092b13e8d8bd054df275d573c3?s=96&d=mm&r=g","caption":"Rosa"},"url":"https:\/\/caballosllargues.es\/de\/author\/rosa\/"}]}},"_links":{"self":[{"href":"https:\/\/caballosllargues.es\/de\/wp-json\/wp\/v2\/posts\/7800","targetHints":{"allow":["GET"]}}],"collection":[{"href":"https:\/\/caballosllargues.es\/de\/wp-json\/wp\/v2\/posts"}],"about":[{"href":"https:\/\/caballosllargues.es\/de\/wp-json\/wp\/v2\/types\/post"}],"author":[{"embeddable":true,"href":"https:\/\/caballosllargues.es\/de\/wp-json\/wp\/v2\/users\/3"}],"replies":[{"embeddable":true,"href":"https:\/\/caballosllargues.es\/de\/wp-json\/wp\/v2\/comments?post=7800"}],"version-history":[{"count":0,"href":"https:\/\/caballosllargues.es\/de\/wp-json\/wp\/v2\/posts\/7800\/revisions"}],"wp:featuredmedia":[{"embeddable":true,"href":"https:\/\/caballosllargues.es\/de\/wp-json\/wp\/v2\/media\/3883"}],"wp:attachment":[{"href":"https:\/\/caballosllargues.es\/de\/wp-json\/wp\/v2\/media?parent=7800"}],"wp:term":[{"taxonomy":"category","embeddable":true,"href":"https:\/\/caballosllargues.es\/de\/wp-json\/wp\/v2\/categories?post=7800"},{"taxonomy":"post_tag","embeddable":true,"href":"https:\/\/caballosllargues.es\/de\/wp-json\/wp\/v2\/tags?post=7800"}],"curies":[{"name":"wp","href":"https:\/\/api.w.org\/{rel}","templated":true}]}}